[{"@context":"https:\/\/schema.org\/","@type":"Article","@id":"https:\/\/www.nicos.cz\/sperky-i-pro-male-slecny\/#Article","mainEntityOfPage":"https:\/\/www.nicos.cz\/sperky-i-pro-male-slecny\/","headline":"\u0160perky i pro mal\u00e9 sle\u010dny","name":"\u0160perky i pro mal\u00e9 sle\u010dny","description":"D\u011btsk\u00e9 n\u00e1u\u0161nice, p\u0159\u00edv\u011b\u0161ky, ale i \u0161perky pro dosp\u011bl\u00e9 d\u00e1my v n\u00e1dhern\u00e9m proveden\u00ed ze \u017elut\u00e9ho a b\u00edl\u00e9ho zlata, zkr\u00e1\u0161l\u00ed ka\u017edou sle\u010dnu i d\u00e1mu ji\u017e od ran\u00e9ho v\u011bku. Leskl\u00e1 povrchov\u00e1 \u00faprava, v\u00fdb\u011br pestr\u00fdch barev kamen\u016f. Kam\u00ednky v proveden\u00ed diamanty nebo zirkony. V\u00fdb\u011br barvy nebo pou\u017eit\u00ed kamenu je pouze na v\u00e1s, v\u0161e dle va\u0161eho p\u0159\u00e1n\u00ed a na m\u00edru. [&hellip;]","datePublished":"2024-11-11","dateModified":"2024-11-11","author":{"@type":"Person","@id":"https:\/\/www.nicos.cz\/author\/#Person","name":"","url":"https:\/\/www.nicos.cz\/author\/","identifier":1,"image":{"@type":"ImageObject","@id":"https:\/\/secure.gravatar.com\/avatar\/9bbe1b3bd68cf5b616cc697a459b86e3be4df6c120806baf939f8aad94b0a3d6?s=96&d=mm&r=g","url":"https:\/\/secure.gravatar.com\/avatar\/9bbe1b3bd68cf5b616cc697a459b86e3be4df6c120806baf939f8aad94b0a3d6?s=96&d=mm&r=g","height":96,"width":96}},"publisher":{"@type":"Organization","name":"nicos.cz","logo":{"@type":"ImageObject","@id":"\/logo.png","url":"\/logo.png","width":600,"height":60}},"url":"https:\/\/www.nicos.cz\/sperky-i-pro-male-slecny\/","wordCount":190,"articleBody":"D\u011btsk\u00e9 n\u00e1u\u0161nice, p\u0159\u00edv\u011b\u0161ky, ale i \u0161perky pro dosp\u011bl\u00e9 d\u00e1my v n\u00e1dhern\u00e9m proveden\u00ed ze \u017elut\u00e9ho a b\u00edl\u00e9ho zlata, zkr\u00e1\u0161l\u00ed ka\u017edou sle\u010dnu i d\u00e1mu ji\u017e od ran\u00e9ho v\u011bku. Leskl\u00e1 povrchov\u00e1 \u00faprava, v\u00fdb\u011br pestr\u00fdch barev kamen\u016f. Kam\u00ednky v proveden\u00ed diamanty nebo zirkony. V\u00fdb\u011br barvy nebo pou\u017eit\u00ed kamenu je pouze na v\u00e1s, v\u0161e dle va\u0161eho p\u0159\u00e1n\u00ed a na m\u00edru. N\u00e1kup p\u0159\u00edmo s dovozem kam si budete p\u0159\u00e1t.\tKvalitn\u00ed \u0161perky i pro nejmen\u0161\u00ed sle\u010dnyKa\u017ed\u00e1 mal\u00e1 sle\u010dna i dosp\u011bl\u00e1 d\u00e1ma je vhodn\u00fdm objektem pro n\u00e1dhern\u00fd \u0161perk. D\u011btsk\u00e9 n\u00e1u\u0161nice pro d\u00e1my ji\u017e od narozen\u00ed, p\u0159\u00edv\u011b\u0161ky i \u0161perky pro dosp\u011bl\u00e9 d\u00e1my. V\u00fdhodn\u00e9 ceny a kvalita, kter\u00e1 v\u00e1m d\u00e1v\u00e1 z\u00e1ruku dlouh\u00e9 \u017eivotnosti. B\u00edl\u00e9 nebo \u017elut\u00e9 zlato, vypln\u011bn\u00ed kam\u00ednky v proveden\u00ed zirkony nebo diamanty a pestr\u00e1 \u0161k\u00e1la barev. Pot\u011b\u0161\u00ed i jako d\u00e1rek, nav\u00edc zabalen\u00fd v origin\u00e1ln\u00ed krabi\u010dce.                                                                                                                                                                                                                                                                                                                                                                                        4.3\/5 - (6 votes)        "},{"@context":"https:\/\/schema.org\/","@type":"BreadcrumbList","itemListElement":[{"@type":"ListItem","position":1,"name":"\u0160perky i pro mal\u00e9 sle\u010dny","item":"https:\/\/www.nicos.cz\/sperky-i-pro-male-slecny\/#breadcrumbitem"}]}]