[{"@context":"https:\/\/schema.org\/","@type":"Article","@id":"https:\/\/www.nicos.cz\/slova-a-debaty-o-politice\/#Article","mainEntityOfPage":"https:\/\/www.nicos.cz\/slova-a-debaty-o-politice\/","headline":"Slova a debaty o politice","name":"Slova a debaty o politice","description":"Mysl\u00edm si, \u017ee bez politiky by to v dne\u0161n\u00ed dob\u011b u\u017e v\u016fbec ne\u0161lo, proto\u017ee politika je opravdu hodn\u011b d\u016fle\u017eit\u00e1. J\u00e1 politiku beru n\u011bco jako kon\u00ed\u010dek, proto\u017ee se o politiku moc zaj\u00edm\u00e1m. Politika m\u011b moc bav\u00ed, bez politiky bych opravdu asi nemohla u\u017e b\u00fdt. O politice se bav\u00edm opravdu hodn\u011b \u010dasto. O politice se bav\u00edm i [&hellip;]","datePublished":"2025-02-04","dateModified":"2025-02-04","author":{"@type":"Person","@id":"https:\/\/www.nicos.cz\/author\/#Person","name":"","url":"https:\/\/www.nicos.cz\/author\/","identifier":1,"image":{"@type":"ImageObject","@id":"https:\/\/secure.gravatar.com\/avatar\/9bbe1b3bd68cf5b616cc697a459b86e3be4df6c120806baf939f8aad94b0a3d6?s=96&d=mm&r=g","url":"https:\/\/secure.gravatar.com\/avatar\/9bbe1b3bd68cf5b616cc697a459b86e3be4df6c120806baf939f8aad94b0a3d6?s=96&d=mm&r=g","height":96,"width":96}},"publisher":{"@type":"Organization","name":"nicos.cz","logo":{"@type":"ImageObject","@id":"\/logo.png","url":"\/logo.png","width":600,"height":60}},"image":{"@type":"ImageObject","@id":"https:\/\/www.nicos.cz\/wp-content\/uploads\/gavel-7538564_640.jpg","url":"https:\/\/www.nicos.cz\/wp-content\/uploads\/gavel-7538564_640.jpg","height":0,"width":0},"url":"https:\/\/www.nicos.cz\/slova-a-debaty-o-politice\/","about":["Politika"],"wordCount":432,"articleBody":"Mysl\u00edm si, \u017ee bez politiky by to v dne\u0161n\u00ed dob\u011b u\u017e v\u016fbec ne\u0161lo, proto\u017ee politika je opravdu hodn\u011b d\u016fle\u017eit\u00e1. J\u00e1 politiku beru n\u011bco jako kon\u00ed\u010dek, proto\u017ee se o politiku moc zaj\u00edm\u00e1m. Politika m\u011b moc bav\u00ed, bez politiky bych opravdu asi nemohla u\u017e b\u00fdt. O politice se bav\u00edm opravdu hodn\u011b \u010dasto. O politice se bav\u00edm i se sv\u00fdm partnerem i se svou kamar\u00e1dkou. A i se zbytkem rodiny. Proto m\u011b t\u011b\u0161\u00ed, \u017ee i zbytek rodiny m\u00e1 r\u00e1do politiku a mo\u017en\u00e1 v\u00e1m r\u00e1da politiku tak\u00e9 hlavn\u011b kv\u016fli tomu, \u017ee pr\u00e1v\u011b rodina m\u00e1 r\u00e1da tak\u00e9 politiku. J\u00e1 jsem vlastn\u011b v tomhle vyr\u016fstala. Vyr\u016fstala jsem v tom, \u017ee v\u0161ichni okolo m\u011bli r\u00e1di politiku.A co vy? M\u00e1te r\u00e1di politiku? Zaj\u00edm\u00e1te se o politiku? Je samoz\u0159ejm\u011b hodn\u011b lid\u00ed, kte\u0159\u00ed se t\u0159eba o politiku nezaj\u00edmaj\u00ed. Jsou lid\u00e9, kte\u0159\u00ed politiku berou jako nudu, \u017ee t\u0159eba politika je v\u016fbec nezaj\u00edm\u00e1. Ale jsou tady i lid\u00e9, kte\u0159\u00ed se o politiku zaj\u00edmaj\u00ed a jsou r\u00e1di, \u017ee je t\u0159eba o politice se mohou bavit opravdu s k\u00fdmkoliv. Ale doporu\u010duji, abyste si dali pozor, \u017ee politika je takov\u00e9 kontroverzn\u00ed t\u00e9ma. Ne ka\u017ed\u00e9ho politick\u00e9 t\u00e9ma zaujme. Ale t\u0159eba kdy\u017e jsou n\u011bkde n\u011bjak\u00e9 politick\u00e9 volby anebo politick\u00e9 debaty, tak se v\u017edycky na to mus\u00edm koukat a poslouchat to, proto\u017ee bez politiky j\u00e1 se u\u017e neobejdu.A v\u011b\u0159te, \u017ee je opravdu hodn\u011b lid\u00ed, kte\u0159\u00ed se o politiku zaj\u00edmaj\u00ed a koho politika moc bav\u00ed. Mysl\u00edm si, \u017ee jsou lid\u00e9, kte\u0159\u00ed ale zase o politice necht\u011bj\u00ed ani sly\u0161et. Nap\u0159\u00edklad ale moje teta, kter\u00e1 se zaj\u00edmala o politiku opravdu hodn\u011b dlouho, tak u\u017e se o politiku v\u016fbec nezaj\u00edm\u00e1. Ona \u0159\u00edkala, \u017ee u\u017e na to nem\u00e1 nervy, pr\u00fd nem\u00e1 nervy na to, aby se s n\u011bk\u00fdm h\u00e1dala. Jenom, aby se h\u00e1dala kv\u016fli tomu, \u017ee t\u0159eba m\u00e1 n\u011bkdo \u00fapln\u011b jin\u00e9 n\u00e1zory na politiku. Jak n\u00e1zory, tak tak\u00e9 r\u016fzn\u00e9 my\u0161len\u00ed a vy m\u00e1te r\u016fzn\u00e9 politick\u00e9 my\u0161len\u00ed, proto\u017ee hodn\u011b lid\u00ed, kte\u0159\u00ed t\u0159eba se o politiku zaj\u00edmaj\u00ed, ale potom si v duchu o politice mysl\u00ed \u00fapln\u011b n\u011bco jin\u00e9ho anebo jenom p\u0159itak\u00e1vaj\u00ed t\u011bm lidem, kte\u0159\u00ed o politice \u0159\u00edkaj\u00ed r\u016fzn\u00e1 slova a my\u0161lenky. Tohle osobn\u011b m\u011b by nebavilo.\u00a0                                                                                                                                                                                                                                                                                                                                                                                        3.8\/5 - (16 votes)        "},{"@context":"https:\/\/schema.org\/","@type":"BreadcrumbList","itemListElement":[{"@type":"ListItem","position":1,"name":"Slova a debaty o politice","item":"https:\/\/www.nicos.cz\/slova-a-debaty-o-politice\/#breadcrumbitem"}]}]