[{"@context":"https:\/\/schema.org\/","@type":"Article","@id":"https:\/\/www.nicos.cz\/nabytek\/#Article","mainEntityOfPage":"https:\/\/www.nicos.cz\/nabytek\/","headline":"N\u00e1bytek.","name":"N\u00e1bytek.","description":"Kdy\u017e se \u0159ekne vestav\u011bn\u00fd n\u00e1bytek nebo n\u00e1bytek na m\u00edru, je to trochu sporadick\u00e9? Co to vlastn\u011b znamen\u00e1 a co se v\u0161echno za n\u00e1bytek d\u00e1 takhle vyrobit. N\u00e1bytkem se mysl\u00ed ur\u010dit\u00fd druh sk\u0159\u00edn\u011b, nebo n\u011bjak\u00e9ho prostoru, do kter\u00e9ho se usklad\u0148uj\u00ed v\u011bci. M\u016f\u017ee b\u00fdt r\u016fzn\u00fd. Vestav\u011bn\u00e9 znamen\u00e1, \u017ee je ud\u011blan\u00fd tak, \u017ee p\u0159\u00edmo zapad\u00e1 do va\u0161ich prostor [&hellip;]","datePublished":"2023-12-15","dateModified":"2023-12-15","author":{"@type":"Person","@id":"https:\/\/www.nicos.cz\/author\/#Person","name":"","url":"https:\/\/www.nicos.cz\/author\/","identifier":1,"image":{"@type":"ImageObject","@id":"https:\/\/secure.gravatar.com\/avatar\/9bbe1b3bd68cf5b616cc697a459b86e3be4df6c120806baf939f8aad94b0a3d6?s=96&d=mm&r=g","url":"https:\/\/secure.gravatar.com\/avatar\/9bbe1b3bd68cf5b616cc697a459b86e3be4df6c120806baf939f8aad94b0a3d6?s=96&d=mm&r=g","height":96,"width":96}},"publisher":{"@type":"Organization","name":"nicos.cz","logo":{"@type":"ImageObject","@id":"\/logo.png","url":"\/logo.png","width":600,"height":60}},"image":{"@type":"ImageObject","@id":"https:\/\/www.nicos.cz\/wp-content\/uploads\/pexels-terry-magallanes-2988865(1).jpg","url":"https:\/\/www.nicos.cz\/wp-content\/uploads\/pexels-terry-magallanes-2988865(1).jpg","height":0,"width":0},"url":"https:\/\/www.nicos.cz\/nabytek\/","about":["V\u00fdrobky"],"wordCount":440,"articleBody":"   Kdy\u017e se \u0159ekne vestav\u011bn\u00fd n\u00e1bytek nebo n\u00e1bytek na m\u00edru, je to trochu sporadick\u00e9? Co to vlastn\u011b znamen\u00e1 a co se v\u0161echno za n\u00e1bytek d\u00e1 takhle vyrobit. N\u00e1bytkem se mysl\u00ed ur\u010dit\u00fd druh sk\u0159\u00edn\u011b, nebo n\u011bjak\u00e9ho prostoru, do kter\u00e9ho se usklad\u0148uj\u00ed v\u011bci. M\u016f\u017ee b\u00fdt r\u016fzn\u00fd. Vestav\u011bn\u00e9 znamen\u00e1, \u017ee je ud\u011blan\u00fd tak, \u017ee p\u0159\u00edmo zapad\u00e1 do va\u0161ich prostor a spl\u00fdv\u00e1 se zdmi nebo m\u00edstnost\u00ed. Zapad\u00e1 tam, jako by tam odjak\u017eiva pat\u0159il. N\u00e1bytek na m\u00edru je trochu n\u011bco jin\u00e9ho, ale m\u00e1 to velmi podobn\u00e9 proveden\u00ed. Na m\u00edru se rozum\u00ed tomu, \u017ee to je p\u0159esn\u011b tak jak to chcete m\u00edt. Mus\u00ed to b\u00fdt p\u0159esn\u011b podle va\u0161ich p\u0159edstav a mus\u00ed to zapadat tam, kam si z\u00e1kazn\u00edk p\u0159eje. To je jednoduch\u00e9 vysv\u011btlen\u00ed dan\u00fdch pojm\u016f, kter\u00e9 n\u011bkomu mohou b\u00fdt nejasn\u00e9.Te\u010f u\u017e k samotn\u00e9mu n\u00e1bytku, kter\u00fd m\u016f\u017ee b\u00fdt vestav\u011bn\u00fd nebo na m\u00edru. Za\u010dneme se srdcem domu nebo bytu a to je v\u011bt\u0161inou kuchyn\u011b. Kuchyn\u011b je ve v\u011bt\u0161in\u011b p\u0159\u00edpad\u016f pr\u00e1v\u011b vestav\u011bn\u00e1 a je ud\u011blan\u00e1 p\u0159esn\u011b na m\u00edru dan\u00e9ho prostoru. A\u0165 u\u017e se jedn\u00e1 o horn\u00ed nebo doln\u00ed poli\u010dky, zabudov\u00e1n\u00ed trouby, kamen, mikrovln\u00e9 trouby, nebo spor\u00e1ku s digesto\u0159\u00ed. Stejn\u011b tak nepozn\u00e1te, kde je usazena lednice nebo my\u010dka. V\u0161e jednotn\u011b spl\u00fdv\u00e1 v jeden kr\u00e1sn\u00fd celek. Kuchyn\u011b jsou v\u00e1\u017en\u011b skvostn\u00e9 a m\u016f\u017eete je m\u00edt na n\u011bkolik zp\u016fsob\u016f, ale to bychom trochu odb\u011bhli od t\u00e9mata. Dal\u0161\u00edmi m\u00edstnostmi, kde m\u016f\u017eete naj\u00edt vestav\u011bn\u00e9 sk\u0159\u00edn\u011b Sten-skrine.cz je nap\u0159\u00edklad lo\u017enice. Tady jsou hodn\u011b preferov\u00e1ny hlavn\u011b kv\u016fli uskladn\u011bn\u00ed oble\u010den\u00ed na jak\u00e9koliv ro\u010dn\u00ed obdob\u00ed. Kdy\u017e doma nem\u00e1te \u0161atnu, kter\u00e1 m\u00e1 stejn\u00e9 vyu\u017eit\u00ed. Ve v\u011bt\u0161in\u011b byt\u016f, rozhodn\u011b na \u0161atn\u00edky nebylo dostatek m\u00edsta a mus\u00edte se bez nich obej\u00edt a v tom v\u00e1m pomohou vestav\u011bn\u00e9 sk\u0159\u00edn\u011b, kter\u00e9 sahaj\u00ed od stropu a\u017e po zem. Vyu\u017eij\u00ed ve\u0161ker\u00fd prostor, i kdy\u017e do vrchn\u00edch polic nedos\u00e1hnete, daj\u00ed se tam uskladnit v\u011bci, kter\u00e9 zrovna nepou\u017e\u00edv\u00e1te. Budete tak m\u00edt dostatek m\u00edsta i prostoru. Nebudou v\u00e1s sk\u0159\u00edn\u011b omezovat a p\u0159itom v\u00e1m pomohou v uskladn\u011bn\u00ed spousty v\u011bc\u00ed. Vyzkou\u0161ejte aspo\u0148 n\u011bjak\u00fd vestav\u011bn\u00fd n\u00e1bytek do va\u0161eho obydl\u00ed.                                                                                                                                                                                                                                                                                                                                                                                           4.5\/5 - (6 votes)        "},{"@context":"https:\/\/schema.org\/","@type":"BreadcrumbList","itemListElement":[{"@type":"ListItem","position":1,"name":"N\u00e1bytek.","item":"https:\/\/www.nicos.cz\/nabytek\/#breadcrumbitem"}]}]