[{"@context":"https:\/\/schema.org\/","@type":"Article","@id":"https:\/\/www.nicos.cz\/mikiny-pro-vsechny\/#Article","mainEntityOfPage":"https:\/\/www.nicos.cz\/mikiny-pro-vsechny\/","headline":"Mikiny pro v\u0161echny","name":"Mikiny pro v\u0161echny","description":"Kdy\u017e moje kamar\u00e1dka zakl\u00e1dala firmu, tak ona cht\u011bla tak\u00e9 si najmout n\u011bjakou reklamn\u00ed agenturu a cht\u011bla m\u00edt reklamn\u00ed agenturu kv\u016fli tomu, \u017ee tak\u00e9 si cht\u011bla ud\u011blat n\u011bjak\u00e9 reklamn\u00ed p\u0159edm\u011bty. Mysl\u00edm si, \u017ee kdy\u017e si ud\u011bl\u00e1te reklamn\u00ed p\u0159edm\u011bty, tak samoz\u0159ejm\u011b ud\u011bl\u00e1te dob\u0159e, proto\u017ee kdy\u017e potom budete m\u00edt n\u011bjakou pracovn\u00ed anebo firemn\u00ed akci nebo n\u011bjakou p\u00e1rty, tak [&hellip;]","datePublished":"2024-10-13","dateModified":"2024-10-13","author":{"@type":"Person","@id":"https:\/\/www.nicos.cz\/author\/#Person","name":"","url":"https:\/\/www.nicos.cz\/author\/","identifier":1,"image":{"@type":"ImageObject","@id":"https:\/\/secure.gravatar.com\/avatar\/9bbe1b3bd68cf5b616cc697a459b86e3be4df6c120806baf939f8aad94b0a3d6?s=96&d=mm&r=g","url":"https:\/\/secure.gravatar.com\/avatar\/9bbe1b3bd68cf5b616cc697a459b86e3be4df6c120806baf939f8aad94b0a3d6?s=96&d=mm&r=g","height":96,"width":96}},"publisher":{"@type":"Organization","name":"nicos.cz","logo":{"@type":"ImageObject","@id":"\/logo.png","url":"\/logo.png","width":600,"height":60}},"image":{"@type":"ImageObject","@id":"https:\/\/www.nicos.cz\/wp-content\/uploads\/child-6242849_1280.jpg","url":"https:\/\/www.nicos.cz\/wp-content\/uploads\/child-6242849_1280.jpg","height":0,"width":0},"url":"https:\/\/www.nicos.cz\/mikiny-pro-vsechny\/","about":["V\u00fdrobky"],"wordCount":419,"articleBody":"       Kdy\u017e moje kamar\u00e1dka zakl\u00e1dala firmu, tak ona cht\u011bla tak\u00e9 si najmout n\u011bjakou reklamn\u00ed agenturu a cht\u011bla m\u00edt reklamn\u00ed agenturu kv\u016fli tomu, \u017ee tak\u00e9 si cht\u011bla ud\u011blat n\u011bjak\u00e9 reklamn\u00ed p\u0159edm\u011bty. Mysl\u00edm si, \u017ee kdy\u017e si ud\u011bl\u00e1te reklamn\u00ed p\u0159edm\u011bty, tak samoz\u0159ejm\u011b ud\u011bl\u00e1te dob\u0159e, proto\u017ee kdy\u017e potom budete m\u00edt n\u011bjakou pracovn\u00ed anebo firemn\u00ed akci nebo n\u011bjakou p\u00e1rty, tak samoz\u0159ejm\u011b tam m\u016f\u017eete rozd\u00e1vat reklamn\u00ed p\u0159edm\u011bty. Reklamn\u00ed mikiny mohou b\u00fdt dobrou volbou. Podle m\u00e9ho n\u00e1zoru ka\u017ed\u00e1 firma by m\u011bla m\u00edt n\u011bkter\u00e9 reklamn\u00ed p\u0159edm\u011bty. Proto\u017ee kdy\u017e budete m\u00edt reklamn\u00ed p\u0159edm\u011bty, tak va\u0161e firma vlastn\u011b bude propagov\u00e1na. Va\u0161e firma p\u016fjde l\u00e9pe vid\u011bt m\u011b samotnou v\u017edycky zar\u00e1\u017e\u00ed fakt, kdy\u017e mi t\u0159eba n\u011bkdo \u0159ekne, \u017ee reklamn\u00ed p\u0159edm\u011bty, jako nap\u0159\u00edklad reklamn\u00ed mikiny, \u017ee se v\u016fbec nevyplat\u00ed. Ale pov\u011bzte mi n\u011bjakou norm\u00e1ln\u00ed odpov\u011b\u010f, pro\u010d se nevyplat\u00ed r\u016fzn\u00e9 reklamn\u00ed p\u0159edm\u011bty a pro\u010d t\u0159eba reklamn\u00ed kl\u00ed\u010denka anebo reklamn\u00ed mikina? J\u00e1 si mysl\u00edm, \u017ee pr\u00e1v\u011b reklamn\u00ed mikina m\u016f\u017ee b\u00fdt opravdu skv\u011blou volbou, proto\u017ee v dne\u0161n\u00edm po\u010das\u00ed se pr\u00e1v\u011b nos\u00ed hlavn\u011b mikiny. Je docela zima a mysl\u00edm si, \u017ee ka\u017ed\u00fd \u010dlov\u011bk by na sebe nat\u00e1hl mikinu. Nebo tak\u00e9 svetr. Tak pro\u010d by to nemohla b\u00fdt reklamn\u00ed mikina? Kdyby z\u00e1le\u017eelo na mn\u011b a m\u011bla bych n\u011bjakou reklamn\u00ed agenturu, tak bych ur\u010dit\u011b d\u011blala tak\u00e9 reklamn\u00ed mikiny. Nem\u011bla bych tam pouze jenom reklamn\u00ed mikiny, ale tak\u00e9 bych si ud\u011blala e-shop, kde bych nab\u00edzela nap\u0159\u00edklad reklamn\u00ed tri\u010dka nebo reklamn\u00ed k\u0161iltovky a tak\u00e9 reklamn\u00ed ko\u0161ile. Ur\u010dit\u011b bych tam m\u011bla tak\u00e9 n\u011bkter\u00e9 reklamn\u00ed p\u0159edm\u011bty pro d\u011bti, proto\u017ee i d\u011bti v\u017edycky cht\u011bj\u00ed n\u011bco dostat na n\u011bjak\u00e9 akci nebo na n\u011bjak\u00e9 p\u00e1rty. Pro dosp\u011bl\u00e9 bych rozd\u00e1vala nap\u0159\u00edklad reklamn\u00ed kl\u00ed\u010denky anebo reklamn\u00ed mikiny. Ale mysl\u00edm si, \u017ee i mal\u00e9 d\u011bti by cht\u011bly m\u00edt n\u011bjak\u00e9 reklamn\u00ed mikiny. A pro\u010d neud\u011blat n\u011bkolik reklamn\u00edch mikiny, nav\u00edc v d\u011btsk\u00e9 velikosti? Mysl\u00edm si, \u017ee i tohle m\u016f\u017ee b\u00fdt skv\u011bl\u00fd marketingov\u00fd tah.                                                                                                                                                                                                                                                                                                                                                                                           4.6\/5 - (5 votes)        "},{"@context":"https:\/\/schema.org\/","@type":"BreadcrumbList","itemListElement":[{"@type":"ListItem","position":1,"name":"Mikiny pro v\u0161echny","item":"https:\/\/www.nicos.cz\/mikiny-pro-vsechny\/#breadcrumbitem"}]}]