[{"@context":"https:\/\/schema.org\/","@type":"Article","@id":"https:\/\/www.nicos.cz\/malou-fotovoltaickou-elektrarnu-muzete-mit-i-na-garazi\/#Article","mainEntityOfPage":"https:\/\/www.nicos.cz\/malou-fotovoltaickou-elektrarnu-muzete-mit-i-na-garazi\/","headline":"Malou fotovoltaickou elektr\u00e1rnu m\u016f\u017eete m\u00edt i na gar\u00e1\u017ei","name":"Malou fotovoltaickou elektr\u00e1rnu m\u016f\u017eete m\u00edt i na gar\u00e1\u017ei","description":"Kam um\u00edstit panel N\u011bkte\u0159\u00ed lid\u00e9 mohou b\u00fdt na pochyb\u00e1ch, zda je v\u016fbec mo\u017en\u00e9 na jejich dom\u011b sol\u00e1rn\u00ed elektr\u00e1rnu vybudovat a uv\u00e9st do provozu. Co je tedy zapot\u0159eb\u00ed a jak\u00e9 jsou podm\u00ednky nutn\u00e9 k v\u00fdstavb\u011b mal\u00e9 fotovoltaick\u00e9 elektr\u00e1rny joyce-energie.cz, respektive k mont\u00e1\u017ei samotn\u00fdch panel\u016f? Stabiln\u00ed konstrukce \u2013 nev\u00edte, kam um\u00edstit fotovoltaick\u00e9 panely? A\u017e budete tuto ot\u00e1zku [&hellip;]","datePublished":"2023-11-03","dateModified":"2023-11-03","author":{"@type":"Person","@id":"https:\/\/www.nicos.cz\/author\/#Person","name":"","url":"https:\/\/www.nicos.cz\/author\/","identifier":1,"image":{"@type":"ImageObject","@id":"https:\/\/secure.gravatar.com\/avatar\/9bbe1b3bd68cf5b616cc697a459b86e3be4df6c120806baf939f8aad94b0a3d6?s=96&d=mm&r=g","url":"https:\/\/secure.gravatar.com\/avatar\/9bbe1b3bd68cf5b616cc697a459b86e3be4df6c120806baf939f8aad94b0a3d6?s=96&d=mm&r=g","height":96,"width":96}},"publisher":{"@type":"Organization","name":"nicos.cz","logo":{"@type":"ImageObject","@id":"\/logo.png","url":"\/logo.png","width":600,"height":60}},"image":{"@type":"ImageObject","@id":"https:\/\/www.nicos.cz\/wp-content\/uploads\/solar-system-2939551_640_2.jpg","url":"https:\/\/www.nicos.cz\/wp-content\/uploads\/solar-system-2939551_640_2.jpg","height":0,"width":0},"url":"https:\/\/www.nicos.cz\/malou-fotovoltaickou-elektrarnu-muzete-mit-i-na-garazi\/","about":["V\u00fdrobky"],"wordCount":419,"articleBody":"   Kam um\u00edstit panelN\u011bkte\u0159\u00ed lid\u00e9 mohou b\u00fdt na pochyb\u00e1ch, zda je v\u016fbec mo\u017en\u00e9 na jejich dom\u011b sol\u00e1rn\u00ed elektr\u00e1rnu vybudovat a uv\u00e9st do provozu. Co je tedy zapot\u0159eb\u00ed a jak\u00e9 jsou podm\u00ednky nutn\u00e9 k v\u00fdstavb\u011b mal\u00e9 fotovoltaick\u00e9 elektr\u00e1rny joyce-energie.cz, respektive k mont\u00e1\u017ei samotn\u00fdch panel\u016f?Stabiln\u00ed konstrukce \u2013 nev\u00edte, kam um\u00edstit fotovoltaick\u00e9 panely? A\u017e budete tuto ot\u00e1zku pokl\u00e1dat specializovan\u00e9 firm\u011b, kter\u00e1 se zab\u00fdv\u00e1 jejich mont\u00e1\u017e\u00ed, bude ve h\u0159e v prvn\u00ed \u0159ad\u011b nosnost dan\u00e9ho objektu. Mus\u00ed je zkr\u00e1tka un\u00e9st st\u0159echa, krovy, st\u0159e\u0161n\u00ed lat\u011b a dal\u0161\u00ed stavebn\u00ed prvky. N\u011bkdy je zapot\u0159eb\u00ed prov\u011b\u0159it i stabilitu nosn\u00e9 konstrukce, nap\u0159\u00edklad u pevn\u00fdch \u010di mobiln\u00edch d\u0159evostaveb.Rovn\u00e1 nebo sedlov\u00e1 st\u0159echa \u2013 netrapte se t\u00edm, zda m\u00e1 va\u0161e st\u0159echa pot\u0159ebn\u00fd \u00fahel sklonu v\u016f\u010di Slunci. P\u0159i instalaci panel\u016f to nehraje \u017e\u00e1dnou roli, nen\u00ed probl\u00e9m um\u00edstit je i na rovnou st\u0159echu a podlo\u017eit je speci\u00e1ln\u00edmi nosn\u00edky.Panely na zemi \u2013 nen\u00ed podm\u00ednkou instalovat panely na st\u0159echu domu. Toto \u0159e\u0161en\u00ed je sice obvykl\u00e9, ale pokud je ve va\u0161em p\u0159\u00edpad\u011b v\u00fdhodn\u011bj\u0161\u00ed um\u00edst\u011bn\u00ed t\u0159eba na gar\u00e1\u017ei nebo na p\u0159ilehl\u00e9 pergole \u010di k\u016fln\u011b, nen\u00ed probl\u00e9m to za\u0159\u00eddit pr\u00e1v\u011b takto. Panely lze pokl\u00e1dat i p\u0159\u00edmo na zem, tedy ne doslova na tr\u00e1vn\u00edk, ale na speci\u00e1ln\u00ed nosn\u00edky p\u00e1r des\u00edtek centimetr\u016f nad zemsk\u00fd povrch.Slune\u010dn\u00ed svit \u2013 je v\u00e1m z\u0159ejm\u011b zn\u00e1mo, \u017ee sol\u00e1rn\u00ed elektr\u00e1rna vybudovan\u00e1 pod zem\u00ed bude sp\u00ed\u0161 pro legraci. Podobn\u00e9 to v\u0161ak bude i tam, kde na p\u0159edpokl\u00e1dan\u00e9 m\u00edsto pro fotovoltaick\u00e9 panely vrhaj\u00ed st\u00edn okoln\u00ed stavby, ke\u0159e, stromy a dal\u0161\u00ed p\u0159edm\u011bty. Ide\u00e1ln\u00ed sv\u011btovou stranou pro dosta\u010duj\u00edc\u00ed v\u00fdkon elektr\u00e1rny je jih a jihoz\u00e1pad.Jak je to s dotac\u00edZaj\u00edm\u00e1 v\u00e1s, jak je to se st\u00e1tn\u00ed dotac\u00ed na fotovoltaiku? M\u011bli byste v\u011bd\u011bt, \u017ee ta se t\u00fdk\u00e1 pouze syst\u00e9m\u016f p\u0159ipojen\u00fdch do rozvodn\u00e9 s\u00edt\u011b, tedy nikoli tzv. ostrovn\u00edch, nez\u00e1visl\u00fdch za\u0159\u00edzen\u00ed. A jednou ze z\u00e1sadn\u00edch podm\u00ednek k jej\u00edmu z\u00edsk\u00e1n\u00ed je i desetilet\u00fd provoz elektr\u00e1rny na zhruba t\u0159i \u010dtvrtiny sv\u00e9ho maxim\u00e1ln\u00edho v\u00fdkonu.                                                                                                                                                                                                                                                                                                                                                                                          4.2\/5 - (6 votes)        "},{"@context":"https:\/\/schema.org\/","@type":"BreadcrumbList","itemListElement":[{"@type":"ListItem","position":1,"name":"Malou fotovoltaickou elektr\u00e1rnu m\u016f\u017eete m\u00edt i na gar\u00e1\u017ei","item":"https:\/\/www.nicos.cz\/malou-fotovoltaickou-elektrarnu-muzete-mit-i-na-garazi\/#breadcrumbitem"}]}]