[{"@context":"https:\/\/schema.org\/","@type":"Article","@id":"https:\/\/www.nicos.cz\/kam-letos-vyrazite\/#Article","mainEntityOfPage":"https:\/\/www.nicos.cz\/kam-letos-vyrazite\/","headline":"Kam letos vyraz\u00edte?","name":"Kam letos vyraz\u00edte?","description":"Cel\u00fd rok je ve znamen\u00ed shonu, povinnost\u00ed. Kdy\u017e to nejsou povinnosti pracovn\u00ed, v\u011bzte, \u017ee doma jim neuniknete zaru\u010den\u011b. Dop\u0159ejte si odpo\u010dinek, bez n\u011bho\u017e nem\u016f\u017eeme b\u00fdt spokojen\u00ed a c\u00edtit se dob\u0159e, bez n\u011bj nem\u016f\u017eeme pro\u017e\u00edvat sv\u00e9 dny naplno. Vezm\u011bte si v pr\u00e1ci volno, dejte d\u011bti a psy na hl\u00edd\u00e1n\u00ed ochotn\u00e9mu dobr\u00e1kovi a vyje\u010fte tam, kde budete [&hellip;]","datePublished":"2024-10-22","dateModified":"2024-10-22","author":{"@type":"Person","@id":"https:\/\/www.nicos.cz\/author\/#Person","name":"","url":"https:\/\/www.nicos.cz\/author\/","identifier":1,"image":{"@type":"ImageObject","@id":"https:\/\/secure.gravatar.com\/avatar\/9bbe1b3bd68cf5b616cc697a459b86e3be4df6c120806baf939f8aad94b0a3d6?s=96&d=mm&r=g","url":"https:\/\/secure.gravatar.com\/avatar\/9bbe1b3bd68cf5b616cc697a459b86e3be4df6c120806baf939f8aad94b0a3d6?s=96&d=mm&r=g","height":96,"width":96}},"publisher":{"@type":"Organization","name":"nicos.cz","logo":{"@type":"ImageObject","@id":"\/logo.png","url":"\/logo.png","width":600,"height":60}},"url":"https:\/\/www.nicos.cz\/kam-letos-vyrazite\/","wordCount":251,"articleBody":"Cel\u00fd rok je ve znamen\u00ed shonu, povinnost\u00ed. Kdy\u017e to nejsou povinnosti pracovn\u00ed, v\u011bzte, \u017ee doma jim neuniknete zaru\u010den\u011b. Dop\u0159ejte si odpo\u010dinek, bez n\u011bho\u017e nem\u016f\u017eeme b\u00fdt spokojen\u00ed a c\u00edtit se dob\u0159e, bez n\u011bj nem\u016f\u017eeme pro\u017e\u00edvat sv\u00e9 dny naplno. Vezm\u011bte si v pr\u00e1ci volno, dejte d\u011bti a psy na hl\u00edd\u00e1n\u00ed ochotn\u00e9mu dobr\u00e1kovi a vyje\u010fte tam, kde budete m\u00edt mo\u017enost na\u010derpat novou energii. A kde jinde se daj\u00ed takto dob\u00edt baterky ne\u017e v kr\u00e1sn\u00e9 p\u0159\u00edrod\u011b? Zkuste vyjet n\u011bkam, kde to je\u0161t\u011b nezn\u00e1te, vynechejte tedy \u0160umavu \u010di Jizersk\u00e9 hory. Zn\u00e1te ji\u017e stejn\u011b dob\u0159e Rakousko? V\u017edy\u0165 je od n\u00e1s nedaleko.P\u0159\u00edroda i historieV\u010das si rezervujte ubytov\u00e1n\u00ed v penzionu Praga, kter\u00fd nab\u00edz\u00ed ve\u0161ker\u00fd mo\u017en\u00fd komfort za velmi p\u0159\u00edznivou cenu. Ubytov\u00e1n\u00ed je v apartm\u00e1nech, samoz\u0159ejmost\u00ed je pro ka\u017ed\u00fd apartm\u00e1n vlastn\u00ed parkovac\u00ed m\u00edsto. V okol\u00ed tohoto penzionu m\u00e1te mnoho mo\u017enost\u00ed podnikat n\u00e1dhern\u00e9 v\u00fdlety do nedot\u010den\u00e9 alpsk\u00e9 p\u0159\u00edrody, na sjezdovku je to co by kamenem dohodil a v bl\u00edzk\u00e9m okol\u00ed V\u00e1s zvou k n\u00e1v\u0161t\u011bv\u011b i hrady Kaprun a Klammstein. Nav\u0161tivte tato historick\u00e1 s\u00eddla, poznejte trochu historie na\u0161ich soused\u016f. Ve\u010der si v budov\u011b penzionu u\u017eijte n\u00e1v\u0161t\u011bvu sauny a odpo\u010dinek bude dokonal\u00fd.                                                                                                                                                                                                                                                                                                                                                                                        3.5\/5 - (4 votes)        "},{"@context":"https:\/\/schema.org\/","@type":"BreadcrumbList","itemListElement":[{"@type":"ListItem","position":1,"name":"Kam letos vyraz\u00edte?","item":"https:\/\/www.nicos.cz\/kam-letos-vyrazite\/#breadcrumbitem"}]}]